{"id":3649,"date":"2022-04-11T22:13:11","date_gmt":"2022-04-12T03:13:11","guid":{"rendered":"https:\/\/www.satine.com\/?p=3649"},"modified":"2024-09-16T07:46:06","modified_gmt":"2024-09-16T11:46:06","slug":"%e9%9b%b7%e8%80%b6%e6%96%af-%e9%a9%ac%e8%92%82%e5%9c%a8%e9%98%bf%e5%88%a9%e5%9d%8e%e7%89%b9%e4%b8%be%e8%a1%8c%e7%9a%84-2020-%e5%b9%b4%e7%ac%ac%e4%b8%80%e6%ac%a1%e4%bc%9a%e8%ae%ae%e4%b8%8a%e8%87%b4","status":"publish","type":"post","link":"https:\/\/www.satine.com\/zh\/reyes-marti-se-corona-en-la-primera-mascleta-de-2020-en-alicante\/","title":{"rendered":"\u96f7\u8036\u65af-\u9a6c\u8482\uff08Reyes Mart\u00ed\uff09\u5728\u963f\u5229\u574e\u7279 2020 \u5e74\u9996\u5c4a\u9a6c\u65af\u514b\u83b1\u5854\u6bd4\u8d5b\u4e2d\u593a\u51a0"},"content":{"rendered":"<p><strong>\u96f7\u8036\u65af-\u9a6c\u8482\uff08Reyes Mart\u00ed\uff09\u5728\u963f\u5229\u574e\u7279\u4e3e\u529e\u7684 2020 \u5e74\u9996\u5c4a Masclet\u00e0 \u4e2d\u5411\u4e09\u738b\u8282\u81f4\u656c<\/strong><\/p>\n\n\n\n<p>\u4eca\u5929\uff0c\u96f7\u8036\u65af-\u9a6c\u8482\uff08Reyes Mart\u00ed\uff09\u5728\u5362\u585e\u7f57\u5e7f\u573a\uff08Plaza de los Luceros\uff09\u70b9\u71c3\u7684\u9a6c\u65af\u514b\u83b1\u5854\uff08masclet\u00e0\uff09\u5f00\u59cb\u5411\u4e09\u738b\u5e86\u5178\u81f4\u656c\u3002\u8868\u6f14\u5f00\u59cb\u65f6\u54cd\u8d77\u4e86\u4e00\u8fde\u4e32\u4e94\u5f69\u7f24\u7eb7\u7684\u96f7\u9e23\u58f0\uff0c\"\u4ee5\u589e\u5f3a\u660e\u5929\u8fd9\u4e2a\u91cd\u8981\u65e5\u5b50\u7684\u89c6\u89c9\u51b2\u51fb\u529b\"\u3002<\/p>\n\n\n\n<p>\"\u606d\u559c\u4f60\uff01\"<\/p>","protected":false},"excerpt":{"rendered":"<p>Reyes Mart\u00ed Pays Tribute to the Three Kings Celebration in the First Masclet\u00e0 of 2020 in Alicante Reyes Mart\u00ed has paid homage to the Three Kings celebration at the start of today&#8217;s masclet\u00e0, which was fired in Plaza de los Luceros. The display began with a series of colorful thunderclaps &#8220;to enhance the visual impact [&hellip;]<\/p>\n","protected":false},"author":1,"featured_media":3650,"comment_status":"closed","ping_status":"closed","sticky":false,"template":"","format":"standard","meta":{"footnotes":""},"categories":[25,33],"tags":[],"class_list":["post-3649","post","type-post","status-publish","format-standard","has-post-thumbnail","hentry","category-fundation","category-satine-news"],"yoast_head":"<!-- This site is optimized with the Yoast SEO plugin v27.4 - https:\/\/yoast.com\/product\/yoast-seo-wordpress\/ -->\n<title>Reyes Mart\u00ed Claims Victory in the First Masclet\u00e0 of 2020 in Alicante - Satine<\/title>\n<meta name=\"robots\" content=\"index, follow, max-snippet:-1, max-image-preview:large, max-video-preview:-1\" \/>\n<link rel=\"canonical\" href=\"https:\/\/www.satine.com\/zh\/\u96f7\u8036\u65af-\u9a6c\u8482\u5728\u963f\u5229\u574e\u7279\u4e3e\u884c\u7684-2020-\u5e74\u7b2c\u4e00\u6b21\u4f1a\u8bae\u4e0a\u81f4\/\" \/>\n<meta property=\"og:locale\" content=\"zh_CN\" \/>\n<meta property=\"og:type\" content=\"article\" \/>\n<meta property=\"og:title\" content=\"Reyes Mart\u00ed Claims Victory in the First Masclet\u00e0 of 2020 in Alicante - Satine\" \/>\n<meta property=\"og:description\" content=\"Reyes Mart\u00ed Pays Tribute to the Three Kings Celebration in the First Masclet\u00e0 of 2020 in Alicante Reyes Mart\u00ed has paid homage to the Three Kings celebration at the start of today&#8217;s masclet\u00e0, which was fired in Plaza de los Luceros. The display began with a series of colorful thunderclaps &#8220;to enhance the visual impact [&hellip;]\" \/>\n<meta property=\"og:url\" content=\"https:\/\/www.satine.com\/zh\/\u96f7\u8036\u65af-\u9a6c\u8482\u5728\u963f\u5229\u574e\u7279\u4e3e\u884c\u7684-2020-\u5e74\u7b2c\u4e00\u6b21\u4f1a\u8bae\u4e0a\u81f4\/\" \/>\n<meta property=\"og:site_name\" content=\"Satine\" \/>\n<meta property=\"article:published_time\" content=\"2022-04-12T03:13:11+00:00\" \/>\n<meta property=\"article:modified_time\" content=\"2024-09-16T11:46:06+00:00\" \/>\n<meta property=\"og:image\" content=\"https:\/\/www.satine.com\/wp-content\/uploads\/2022\/04\/1578672476_Mascleta-Satine-Reyes-Marti-pirotecnia-Marti.jpg\" \/>\n\t<meta property=\"og:image:width\" content=\"960\" \/>\n\t<meta property=\"og:image:height\" content=\"640\" \/>\n\t<meta property=\"og:image:type\" content=\"image\/jpeg\" \/>\n<meta name=\"author\" content=\"hola@1080.es\" \/>\n<meta name=\"twitter:card\" content=\"summary_large_image\" \/>\n<meta name=\"twitter:label1\" content=\"\u4f5c\u8005\" \/>\n\t<meta name=\"twitter:data1\" content=\"hola@1080.es\" \/>\n\t<meta name=\"twitter:label2\" content=\"\u9884\u8ba1\u9605\u8bfb\u65f6\u95f4\" \/>\n\t<meta name=\"twitter:data2\" content=\"1 \u5206\" \/>\n<script type=\"application\/ld+json\" class=\"yoast-schema-graph\">{\"@context\":\"https:\\\/\\\/schema.org\",\"@graph\":[{\"@type\":\"Article\",\"@id\":\"https:\\\/\\\/www.satine.com\\\/reyes-marti-se-corona-en-la-primera-mascleta-de-2020-en-alicante\\\/#article\",\"isPartOf\":{\"@id\":\"https:\\\/\\\/www.satine.com\\\/reyes-marti-se-corona-en-la-primera-mascleta-de-2020-en-alicante\\\/\"},\"author\":{\"name\":\"hola@1080.es\",\"@id\":\"https:\\\/\\\/www.satine.com\\\/#\\\/schema\\\/person\\\/42532a9fa7ebde58cde6921dbba5f5b4\"},\"headline\":\"Reyes Mart\u00ed Claims Victory in the First Masclet\u00e0 of 2020 in Alicante\",\"datePublished\":\"2022-04-12T03:13:11+00:00\",\"dateModified\":\"2024-09-16T11:46:06+00:00\",\"mainEntityOfPage\":{\"@id\":\"https:\\\/\\\/www.satine.com\\\/reyes-marti-se-corona-en-la-primera-mascleta-de-2020-en-alicante\\\/\"},\"wordCount\":70,\"image\":{\"@id\":\"https:\\\/\\\/www.satine.com\\\/reyes-marti-se-corona-en-la-primera-mascleta-de-2020-en-alicante\\\/#primaryimage\"},\"thumbnailUrl\":\"https:\\\/\\\/www.satine.com\\\/wp-content\\\/uploads\\\/2022\\\/04\\\/1578672476_Mascleta-Satine-Reyes-Marti-pirotecnia-Marti.jpg\",\"articleSection\":[\"Fundation\",\"Satine News\"],\"inLanguage\":\"zh-Hans\"},{\"@type\":\"WebPage\",\"@id\":\"https:\\\/\\\/www.satine.com\\\/reyes-marti-se-corona-en-la-primera-mascleta-de-2020-en-alicante\\\/\",\"url\":\"https:\\\/\\\/www.satine.com\\\/reyes-marti-se-corona-en-la-primera-mascleta-de-2020-en-alicante\\\/\",\"name\":\"Reyes Mart\u00ed Claims Victory in the First Masclet\u00e0 of 2020 in Alicante - Satine\",\"isPartOf\":{\"@id\":\"https:\\\/\\\/www.satine.com\\\/#website\"},\"primaryImageOfPage\":{\"@id\":\"https:\\\/\\\/www.satine.com\\\/reyes-marti-se-corona-en-la-primera-mascleta-de-2020-en-alicante\\\/#primaryimage\"},\"image\":{\"@id\":\"https:\\\/\\\/www.satine.com\\\/reyes-marti-se-corona-en-la-primera-mascleta-de-2020-en-alicante\\\/#primaryimage\"},\"thumbnailUrl\":\"https:\\\/\\\/www.satine.com\\\/wp-content\\\/uploads\\\/2022\\\/04\\\/1578672476_Mascleta-Satine-Reyes-Marti-pirotecnia-Marti.jpg\",\"datePublished\":\"2022-04-12T03:13:11+00:00\",\"dateModified\":\"2024-09-16T11:46:06+00:00\",\"author\":{\"@id\":\"https:\\\/\\\/www.satine.com\\\/#\\\/schema\\\/person\\\/42532a9fa7ebde58cde6921dbba5f5b4\"},\"breadcrumb\":{\"@id\":\"https:\\\/\\\/www.satine.com\\\/reyes-marti-se-corona-en-la-primera-mascleta-de-2020-en-alicante\\\/#breadcrumb\"},\"inLanguage\":\"zh-Hans\",\"potentialAction\":[{\"@type\":\"ReadAction\",\"target\":[\"https:\\\/\\\/www.satine.com\\\/reyes-marti-se-corona-en-la-primera-mascleta-de-2020-en-alicante\\\/\"]}]},{\"@type\":\"ImageObject\",\"inLanguage\":\"zh-Hans\",\"@id\":\"https:\\\/\\\/www.satine.com\\\/reyes-marti-se-corona-en-la-primera-mascleta-de-2020-en-alicante\\\/#primaryimage\",\"url\":\"https:\\\/\\\/www.satine.com\\\/wp-content\\\/uploads\\\/2022\\\/04\\\/1578672476_Mascleta-Satine-Reyes-Marti-pirotecnia-Marti.jpg\",\"contentUrl\":\"https:\\\/\\\/www.satine.com\\\/wp-content\\\/uploads\\\/2022\\\/04\\\/1578672476_Mascleta-Satine-Reyes-Marti-pirotecnia-Marti.jpg\",\"width\":960,\"height\":640},{\"@type\":\"BreadcrumbList\",\"@id\":\"https:\\\/\\\/www.satine.com\\\/reyes-marti-se-corona-en-la-primera-mascleta-de-2020-en-alicante\\\/#breadcrumb\",\"itemListElement\":[{\"@type\":\"ListItem\",\"position\":1,\"name\":\"Inicio\",\"item\":\"https:\\\/\\\/www.satine.com\\\/\"},{\"@type\":\"ListItem\",\"position\":2,\"name\":\"Reyes Mart\u00ed Claims Victory in the First Masclet\u00e0 of 2020 in Alicante\"}]},{\"@type\":\"WebSite\",\"@id\":\"https:\\\/\\\/www.satine.com\\\/#website\",\"url\":\"https:\\\/\\\/www.satine.com\\\/\",\"name\":\"Satine - Microcement\",\"description\":\"\",\"alternateName\":\"Satine - Microcement\",\"potentialAction\":[{\"@type\":\"SearchAction\",\"target\":{\"@type\":\"EntryPoint\",\"urlTemplate\":\"https:\\\/\\\/www.satine.com\\\/?s={search_term_string}\"},\"query-input\":{\"@type\":\"PropertyValueSpecification\",\"valueRequired\":true,\"valueName\":\"search_term_string\"}}],\"inLanguage\":\"zh-Hans\"},{\"@type\":\"Person\",\"@id\":\"https:\\\/\\\/www.satine.com\\\/#\\\/schema\\\/person\\\/42532a9fa7ebde58cde6921dbba5f5b4\",\"name\":\"hola@1080.es\",\"image\":{\"@type\":\"ImageObject\",\"inLanguage\":\"zh-Hans\",\"@id\":\"https:\\\/\\\/secure.gravatar.com\\\/avatar\\\/9a33ebf9476fdde805d27a30cab5d557e824a5dfab9264acc684b7142f5b4544?s=96&d=mm&r=g\",\"url\":\"https:\\\/\\\/secure.gravatar.com\\\/avatar\\\/9a33ebf9476fdde805d27a30cab5d557e824a5dfab9264acc684b7142f5b4544?s=96&d=mm&r=g\",\"contentUrl\":\"https:\\\/\\\/secure.gravatar.com\\\/avatar\\\/9a33ebf9476fdde805d27a30cab5d557e824a5dfab9264acc684b7142f5b4544?s=96&d=mm&r=g\",\"caption\":\"hola@1080.es\"},\"sameAs\":[\"https:\\\/\\\/www.satine.com\"],\"url\":\"https:\\\/\\\/www.satine.com\\\/zh\\\/author\\\/hola1080-es\\\/\"}]}<\/script>\n<!-- \/ Yoast SEO plugin. -->","yoast_head_json":{"title":"\u96f7\u8036\u65af-\u9a6c\u8482\uff08Reyes Mart\u00ed\uff09\u5728\u963f\u5229\u574e\u7279\u4e3e\u884c\u7684 2020 \u5e74\u9996\u5c4a\u9a6c\u65af\u514b\u83b1\u5854\u6bd4\u8d5b\u4e2d\u593a\u51a0 - Satine","robots":{"index":"index","follow":"follow","max-snippet":"max-snippet:-1","max-image-preview":"max-image-preview:large","max-video-preview":"max-video-preview:-1"},"canonical":"https:\/\/www.satine.com\/zh\/\u96f7\u8036\u65af-\u9a6c\u8482\u5728\u963f\u5229\u574e\u7279\u4e3e\u884c\u7684-2020-\u5e74\u7b2c\u4e00\u6b21\u4f1a\u8bae\u4e0a\u81f4\/","og_locale":"zh_CN","og_type":"article","og_title":"Reyes Mart\u00ed Claims Victory in the First Masclet\u00e0 of 2020 in Alicante - Satine","og_description":"Reyes Mart\u00ed Pays Tribute to the Three Kings Celebration in the First Masclet\u00e0 of 2020 in Alicante Reyes Mart\u00ed has paid homage to the Three Kings celebration at the start of today&#8217;s masclet\u00e0, which was fired in Plaza de los Luceros. The display began with a series of colorful thunderclaps &#8220;to enhance the visual impact [&hellip;]","og_url":"https:\/\/www.satine.com\/zh\/\u96f7\u8036\u65af-\u9a6c\u8482\u5728\u963f\u5229\u574e\u7279\u4e3e\u884c\u7684-2020-\u5e74\u7b2c\u4e00\u6b21\u4f1a\u8bae\u4e0a\u81f4\/","og_site_name":"Satine","article_published_time":"2022-04-12T03:13:11+00:00","article_modified_time":"2024-09-16T11:46:06+00:00","og_image":[{"width":960,"height":640,"url":"https:\/\/www.satine.com\/wp-content\/uploads\/2022\/04\/1578672476_Mascleta-Satine-Reyes-Marti-pirotecnia-Marti.jpg","type":"image\/jpeg"}],"author":"hola@1080.es","twitter_card":"summary_large_image","twitter_misc":{"\u4f5c\u8005":"hola@1080.es","\u9884\u8ba1\u9605\u8bfb\u65f6\u95f4":"1 \u5206"},"schema":{"@context":"https:\/\/schema.org","@graph":[{"@type":"Article","@id":"https:\/\/www.satine.com\/reyes-marti-se-corona-en-la-primera-mascleta-de-2020-en-alicante\/#article","isPartOf":{"@id":"https:\/\/www.satine.com\/reyes-marti-se-corona-en-la-primera-mascleta-de-2020-en-alicante\/"},"author":{"name":"hola@1080.es","@id":"https:\/\/www.satine.com\/#\/schema\/person\/42532a9fa7ebde58cde6921dbba5f5b4"},"headline":"Reyes Mart\u00ed Claims Victory in the First Masclet\u00e0 of 2020 in Alicante","datePublished":"2022-04-12T03:13:11+00:00","dateModified":"2024-09-16T11:46:06+00:00","mainEntityOfPage":{"@id":"https:\/\/www.satine.com\/reyes-marti-se-corona-en-la-primera-mascleta-de-2020-en-alicante\/"},"wordCount":70,"image":{"@id":"https:\/\/www.satine.com\/reyes-marti-se-corona-en-la-primera-mascleta-de-2020-en-alicante\/#primaryimage"},"thumbnailUrl":"https:\/\/www.satine.com\/wp-content\/uploads\/2022\/04\/1578672476_Mascleta-Satine-Reyes-Marti-pirotecnia-Marti.jpg","articleSection":["Fundation","Satine News"],"inLanguage":"zh-Hans"},{"@type":"WebPage","@id":"https:\/\/www.satine.com\/reyes-marti-se-corona-en-la-primera-mascleta-de-2020-en-alicante\/","url":"https:\/\/www.satine.com\/reyes-marti-se-corona-en-la-primera-mascleta-de-2020-en-alicante\/","name":"\u96f7\u8036\u65af-\u9a6c\u8482\uff08Reyes Mart\u00ed\uff09\u5728\u963f\u5229\u574e\u7279\u4e3e\u884c\u7684 2020 \u5e74\u9996\u5c4a\u9a6c\u65af\u514b\u83b1\u5854\u6bd4\u8d5b\u4e2d\u593a\u51a0 - Satine","isPartOf":{"@id":"https:\/\/www.satine.com\/#website"},"primaryImageOfPage":{"@id":"https:\/\/www.satine.com\/reyes-marti-se-corona-en-la-primera-mascleta-de-2020-en-alicante\/#primaryimage"},"image":{"@id":"https:\/\/www.satine.com\/reyes-marti-se-corona-en-la-primera-mascleta-de-2020-en-alicante\/#primaryimage"},"thumbnailUrl":"https:\/\/www.satine.com\/wp-content\/uploads\/2022\/04\/1578672476_Mascleta-Satine-Reyes-Marti-pirotecnia-Marti.jpg","datePublished":"2022-04-12T03:13:11+00:00","dateModified":"2024-09-16T11:46:06+00:00","author":{"@id":"https:\/\/www.satine.com\/#\/schema\/person\/42532a9fa7ebde58cde6921dbba5f5b4"},"breadcrumb":{"@id":"https:\/\/www.satine.com\/reyes-marti-se-corona-en-la-primera-mascleta-de-2020-en-alicante\/#breadcrumb"},"inLanguage":"zh-Hans","potentialAction":[{"@type":"ReadAction","target":["https:\/\/www.satine.com\/reyes-marti-se-corona-en-la-primera-mascleta-de-2020-en-alicante\/"]}]},{"@type":"ImageObject","inLanguage":"zh-Hans","@id":"https:\/\/www.satine.com\/reyes-marti-se-corona-en-la-primera-mascleta-de-2020-en-alicante\/#primaryimage","url":"https:\/\/www.satine.com\/wp-content\/uploads\/2022\/04\/1578672476_Mascleta-Satine-Reyes-Marti-pirotecnia-Marti.jpg","contentUrl":"https:\/\/www.satine.com\/wp-content\/uploads\/2022\/04\/1578672476_Mascleta-Satine-Reyes-Marti-pirotecnia-Marti.jpg","width":960,"height":640},{"@type":"BreadcrumbList","@id":"https:\/\/www.satine.com\/reyes-marti-se-corona-en-la-primera-mascleta-de-2020-en-alicante\/#breadcrumb","itemListElement":[{"@type":"ListItem","position":1,"name":"Inicio","item":"https:\/\/www.satine.com\/"},{"@type":"ListItem","position":2,"name":"Reyes Mart\u00ed Claims Victory in the First Masclet\u00e0 of 2020 in Alicante"}]},{"@type":"WebSite","@id":"https:\/\/www.satine.com\/#website","url":"https:\/\/www.satine.com\/","name":"Satine - \u5fae\u6c34\u6ce5","description":"","alternateName":"Satine - Microcement","potentialAction":[{"@type":"SearchAction","target":{"@type":"EntryPoint","urlTemplate":"https:\/\/www.satine.com\/?s={search_term_string}"},"query-input":{"@type":"PropertyValueSpecification","valueRequired":true,"valueName":"search_term_string"}}],"inLanguage":"zh-Hans"},{"@type":"Person","@id":"https:\/\/www.satine.com\/#\/schema\/person\/42532a9fa7ebde58cde6921dbba5f5b4","name":"hola@1080.es","image":{"@type":"ImageObject","inLanguage":"zh-Hans","@id":"https:\/\/secure.gravatar.com\/avatar\/9a33ebf9476fdde805d27a30cab5d557e824a5dfab9264acc684b7142f5b4544?s=96&d=mm&r=g","url":"https:\/\/secure.gravatar.com\/avatar\/9a33ebf9476fdde805d27a30cab5d557e824a5dfab9264acc684b7142f5b4544?s=96&d=mm&r=g","contentUrl":"https:\/\/secure.gravatar.com\/avatar\/9a33ebf9476fdde805d27a30cab5d557e824a5dfab9264acc684b7142f5b4544?s=96&d=mm&r=g","caption":"hola@1080.es"},"sameAs":["https:\/\/www.satine.com"],"url":"https:\/\/www.satine.com\/zh\/author\/hola1080-es\/"}]}},"_links":{"self":[{"href":"https:\/\/www.satine.com\/zh\/wp-json\/wp\/v2\/posts\/3649","targetHints":{"allow":["GET"]}}],"collection":[{"href":"https:\/\/www.satine.com\/zh\/wp-json\/wp\/v2\/posts"}],"about":[{"href":"https:\/\/www.satine.com\/zh\/wp-json\/wp\/v2\/types\/post"}],"author":[{"embeddable":true,"href":"https:\/\/www.satine.com\/zh\/wp-json\/wp\/v2\/users\/1"}],"replies":[{"embeddable":true,"href":"https:\/\/www.satine.com\/zh\/wp-json\/wp\/v2\/comments?post=3649"}],"version-history":[{"count":3,"href":"https:\/\/www.satine.com\/zh\/wp-json\/wp\/v2\/posts\/3649\/revisions"}],"predecessor-version":[{"id":5114,"href":"https:\/\/www.satine.com\/zh\/wp-json\/wp\/v2\/posts\/3649\/revisions\/5114"}],"wp:featuredmedia":[{"embeddable":true,"href":"https:\/\/www.satine.com\/zh\/wp-json\/wp\/v2\/media\/3650"}],"wp:attachment":[{"href":"https:\/\/www.satine.com\/zh\/wp-json\/wp\/v2\/media?parent=3649"}],"wp:term":[{"taxonomy":"category","embeddable":true,"href":"https:\/\/www.satine.com\/zh\/wp-json\/wp\/v2\/categories?post=3649"},{"taxonomy":"post_tag","embeddable":true,"href":"https:\/\/www.satine.com\/zh\/wp-json\/wp\/v2\/tags?post=3649"}],"curies":[{"name":"wp","href":"https:\/\/api.w.org\/{rel}","templated":true}]}}